{"provider_url": "https://www.goiania.go.leg.br", "title": "Professora Ludmylla", "html": "<p><img src=\"https://www.goiania.go.leg.br/institucional/parlamentares/Fotos-de-parlamentares/professora-ludmylla_20-legislatura.jpg/@@images/1568a7d1-5143-47c5-8f9c-278f720cb8c8.jpeg\" alt=\"Professora Ludmylla\" class=\"img-fluid img-thumbnail image-left\" title=\"Professora Ludmylla\" /></p>\r\n<p class=\" \"><span><br />\u00a0<span class=\"discreet\">Nome: </span></span><strong>Ludmylla da Silva Morais<br /></strong><span>\u00a0<span class=\"discreet\">Partido atual:</span>\u00a0<strong>Partido dos Trabalhadores (PT)</strong></span><abbr title=\"Partido da Social Democracia Brasileira\"><strong><br /></strong></abbr><span>\u00a0<span class=\"discreet\">Nascimento: </span></span><strong>19/01/1982<br /></strong><span>\u00a0<span class=\"discreet\">Telefones:</span>\u00a062\u00a0<strong>3524-4264</strong> e <strong>3524-4236</strong></span><strong><strong><br /></strong></strong>\u00a0<span class=\"discreet\">E-mail:</span>\u00a0<strong><a class=\"email-link\" href=\"mailto:ludmyllamorais313@gmail.com\" target=\"_self\" title=\"\">ludmyllamorais313@gmail.com</a><br /></strong><span>\u00a0<span class=\"discreet\">Gabinete:</span> <strong>31</strong></span></p>\r\n<p>\u00a0</p>\r\n<p>\u00a0<span>\u00a0</span></p>\r\n<p><span>Nascida e criada na Vila Novo Horizonte, em Goi\u00e2nia, Professora Ludmylla \u00e9 crist\u00e3, m\u00e3e e sindicalista.</span></p>\r\n<p>Graduada em Pedagogia pela Universidade Federal de Goi\u00e1s (UFG), \u00e9 especialista em Educa\u00e7\u00e3o Infantil e mestre em Educa\u00e7\u00e3o.</p>\r\n<p>Com 27 anos de atua\u00e7\u00e3o na Educa\u00e7\u00e3o B\u00e1sica, \u00e9 professora na Rede Municipal de Goi\u00e2nia; vice-presidenta do Sindicato dos Trabalhadores em Educa\u00e7\u00e3o de Goi\u00e1s (Sintego); e conselheira do <abbr title=\"Fundo de Manuten\u00e7\u00e3o e Desenvolvimento da Educa\u00e7\u00e3o B\u00e1sica e de Valoriza\u00e7\u00e3o dos Profissionais da Educa\u00e7\u00e3o\">Fundeb</abbr>.</p>\r\n\r\n<p>\u00a0</p>\r\n<p style=\"text-align: right; \"><span class=\"discreet\"><strong>Fontes:</strong> <a title=\"\" href=\"https://www.goiania.go.leg.br/sala-de-imprensa/Assessorias-parlamentares-de-imprensa\" class=\"internal-link\" target=\"_self\">Assessoria da vereadora</a>, Diretoria de Comunica\u00e7\u00e3o e Diretoria Legislativa. Atualizada em 05/03/2025.</span></p>\r\n<p>\u00a0</p>\r\n<hr />\r\n<p style=\"text-align: center; \"><a title=\"\" href=\"https://www.goiania.go.leg.br/institucional/parlamentares\" class=\"internal-link\" target=\"_self\">Parlamentares</a> | <a title=\"\" href=\"https://www.goiania.go.leg.br/institucional/mesa-diretora\" class=\"internal-link\" target=\"_self\">Mesa Diretora</a> |\u00a0<a title=\"\" href=\"https://www.goiania.go.leg.br/institucional/comissoes-permanentes/comissoes-regimentais-e-conselho-de-etica\" class=\"internal-link\" target=\"_self\">Comiss\u00f5es permanentes</a>\u00a0| <a title=\"\" href=\"https://www.goiania.go.leg.br/processo-legislativo/comissoes-especiais-de-inquerito\" class=\"internal-link\" target=\"_self\">Comiss\u00f5es tempor\u00e1rias</a></p>", "author_name": "", "version": "1.0", "author_url": "https://www.goiania.go.leg.br/author/carlos-el", "provider_name": "C\u00e2mara Municipal de Goi\u00e2nia", "type": "rich"}