{"provider_url": "https://www.goiania.go.leg.br", "title": "Os\u00e9ias Var\u00e3o", "html": "<p><img src=\"https://www.goiania.go.leg.br/institucional/parlamentares/Fotos-de-parlamentares/oseias-varao_20-legislatura.jpg/@@images/94bcc490-1567-46d9-8ae9-0596fd7cc034.jpeg\" alt=\"Os\u00e9ias Var\u00e3o\" class=\"img-fluid img-thumbnail image-left\" title=\"Os\u00e9ias Var\u00e3o\" /></p>\r\n<p class=\" \"><span><br />\u00a0<span class=\"discreet\">Nome: </span></span><strong>Os\u00e9ias Mendes Pereira Var\u00e3o<br /></strong><span>\u00a0<span class=\"discreet\">Partido atual:</span>\u00a0<strong>Partido Liberal (PL)</strong></span><abbr title=\"Partido da Social Democracia Brasileira\"><strong><br /></strong></abbr><span>\u00a0<span class=\"discreet\">Nascimento: </span></span><strong>25/01/1977<br /></strong><span>\u00a0<span class=\"discreet\">Telefones:</span>\u00a062\u00a0<strong>3524-4302</strong> e <strong>3524-4303</strong></span><strong><strong><br /></strong></strong>\u00a0<span class=\"discreet\">E-mail:</span>\u00a0<strong><a class=\"email-link\" href=\"mailto:vereadoroseiasvarao@gmail.com\" target=\"_self\" title=\"\">vereadoroseiasvarao@gmail.com</a><br /></strong><span>\u00a0<span class=\"discreet\">Gabinete:</span> <strong>3</strong></span></p>\r\n<p>\u00a0</p>\r\n<p>\u00a0<span>\u00a0</span></p>\r\n<p style=\"text-align: justify; \">Nascido em Aragua\u00e7u/TO em 25/01/1977. \u00c9 graduado em Direito (1999) pela PUC/GO.</p>\r\n<p style=\"text-align: justify; \">Especialista em Pol\u00edticas P\u00fablicas e em Doc\u00eancia do Ensino Superior pela Universidade Federal de Goi\u00e1s (2004).</p>\r\n<p style=\"text-align: justify; \">\u00c9 fundador da Frente Conservadora de Goi\u00e1s e Secret\u00e1rio Geral do Partido Liberal (PL) em Goi\u00e2nia. Tamb\u00e9m \u00e9 comentarista Pol\u00edtico em R\u00e1dios e TVs.\u00a0Em seu primeiro mandato, de 2017 a 2020, foi eleito com 6.171 votos. J\u00e1 no segundo mandato (quadri\u00eanio 2025-2028) recebeu 7.194 votos.</p>\r\n<p style=\"text-align: justify; \">Entre suas propostas, est\u00e3o: defender a fam\u00edlia e a liberdade econ\u00f4mica; apoiar e propor medidas de combate a corrup\u00e7\u00e3o e ganho de efici\u00eancia da m\u00e1quina p\u00fablica; redu\u00e7\u00e3o da carga tribut\u00e1ria; incentivar o esp\u00edrito de coopera\u00e7\u00e3o entre empreendedores e trabalhadores; valoriza\u00e7\u00e3o da cultura do m\u00e9rito, da autoridade e da disciplina na educa\u00e7\u00e3o; Apoio e defesa das for\u00e7as de seguran\u00e7a p\u00fablica; valoriza\u00e7\u00e3o do servidor p\u00fablico conforme o desempenho e entrega de resultados a popula\u00e7\u00e3o; promover o princ\u00edpio da transpar\u00eancia total na gest\u00e3o p\u00fablica; fiscalizar e acompanhar os contratos da prefeitura; revogar leis e regulamentos in\u00fateis; simplifica\u00e7\u00e3o dos processos e redu\u00e7\u00e3o da burocracia; cobrar a efetiva presta\u00e7\u00e3o de servi\u00e7os de sa\u00fade com qualidade a popula\u00e7\u00e3o.</p>\r\n<p>\u00a0</p>\r\n<p style=\"text-align: center; \"><span class=\"discreet\">Facebook:</span>\u00a0<strong><a class=\"external-link\" href=\"http://www.facebook.com/OseiasVarao\" target=\"_self\" title=\"\">facebook.com/OseiasVarao</a></strong><b>\u00a0</b>| <span class=\"discreet\">Instagram:</span>\u00a0<strong><a class=\"external-link\" href=\"https://www.instagram.com/oseiasvarao/\" target=\"_self\" title=\"\">@oseiasvarao</a></strong>\u00a0| <span class=\"discreet\">X:\u00a0</span>\u00a0<strong><a class=\"external-link\" href=\"https://twitter.com/oseiasvarao\" target=\"_self\" title=\"\">@OseiasVarao</a></strong></p>\r\n<p>\u00a0</p>\r\n<p style=\"text-align: right; \"><span class=\"discreet\"><strong>Fontes:</strong> <a title=\"\" href=\"https://www.goiania.go.leg.br/sala-de-imprensa/Assessorias-parlamentares-de-imprensa\" class=\"internal-link\" target=\"_self\">Assessoria do vereador</a>\u00a0e Diretoria de Comunica\u00e7\u00e3o. Atualizada em 26/12/2024.</span></p>\r\n<p>\u00a0</p>\r\n<hr />\r\n<p style=\"text-align: center; \"><a title=\"\" href=\"https://www.goiania.go.leg.br/institucional/parlamentares\" class=\"internal-link\" target=\"_self\">Parlamentares</a> | <a title=\"\" href=\"https://www.goiania.go.leg.br/institucional/mesa-diretora\" class=\"internal-link\" target=\"_self\">Mesa Diretora</a> |\u00a0<a title=\"\" href=\"https://www.goiania.go.leg.br/institucional/comissoes-permanentes/comissoes-regimentais-e-conselho-de-etica\" class=\"internal-link\" target=\"_self\">Comiss\u00f5es permanentes</a>\u00a0| <a title=\"\" href=\"https://www.goiania.go.leg.br/processo-legislativo/comissoes-especiais-de-inquerito\" class=\"internal-link\" target=\"_self\">Comiss\u00f5es tempor\u00e1rias</a></p>", "author_name": "", "version": "1.0", "author_url": "https://www.goiania.go.leg.br/author/carlos-el", "provider_name": "C\u00e2mara Municipal de Goi\u00e2nia", "type": "rich"}