{"provider_url": "https://www.goiania.go.leg.br", "title": "Markim Goy\u00e1", "html": "<p><img src=\"https://www.goiania.go.leg.br/institucional/parlamentares/Fotos-de-parlamentares/markim-goya_20-legislatura.jpeg/@@images/87bd489f-d0a7-4149-aace-5bbc2b5b7021.jpeg\" alt=\"Markim Goy\u00e1\" class=\"img-fluid img-thumbnail image-left\" title=\"Markim Goy\u00e1\" /></p>\r\n<p class=\" \"><span><br />\u00a0<span class=\"discreet\">Nome: </span></span><strong>Marcos Ant\u00f4nio da Silva<br /></strong><span>\u00a0<span class=\"discreet\">Partido:</span>\u00a0<strong>Partido Renova\u00e7\u00e3o Democr\u00e1tica (PRD)</strong></span><a class=\"email-link\" href=\"mailto:cabosennavereador@camaragyn.go.gov.br\" target=\"_self\" title=\"\"><strong><br /></strong></a><span>\u00a0<span class=\"discreet\">Nascimento:</span> <strong>22/02/1963</strong><br />\u00a0<span class=\"discreet\">Telefones:</span>\u00a0</span><span>62 <strong>3524-4347</strong> e\u00a0</span><span><strong>3524-4347</strong><br /></span><span>\u00a0</span><span class=\"discreet\">E-mail:</span><span>\u00a0</span><strong><a class=\"email-link\" href=\"mailto:vereadormarkimgoya@gmail.com\" target=\"_self\" title=\"\">vereadormarkimgoya@gmail.com<br /></a></strong><span>\u00a0</span><span class=\"discreet\">Gabinete:</span><span> </span><strong>18</strong></p>\r\n<p>\u00a0</p>\r\n<p>\u00a0</p>\r\n<p style=\"text-align: justify; \">Marcos Ant\u00f4nio da Silva, conhecido como Markim Goy\u00e1, mora na Regi\u00e3o Oeste desde 1969. \u00c9 casado com Zeneide, pai de tr\u00eas filhos e av\u00f4 de cinco netos. Nascido em fam\u00edlia numerosa e humilde, considera a honestidade como o grande legado deixado por seus pais.</p>\r\n<p style=\"text-align: justify; \">Crist\u00e3o, Markim Goy\u00e1 atua em defesa da fam\u00edlia. Presidiu os Grupos de Casais com Cristo (ECC) do Bairro Goi\u00e1 e do Goi\u00e2nia Viva.</p>\r\n<p style=\"text-align: justify; \">Profissionalmente, atuou como motorista. No setor p\u00fablico, foi assessor especial do ex-prefeito Iris Rezende; superintendente de Igualdade Racial da Secretaria Municipal de Direitos Humanos; e assessor de Planejamento da Ag\u00eancia Municipal de Mobilidade e Tr\u00e2nsito.</p>\r\n<p style=\"text-align: justify; \">Em 2018, na C\u00e2mara de Goi\u00e2nia, exerceu mandato de vereador por 47 dias. No per\u00edodo, apresentou projetos de lei e requerimentos de relev\u00e2ncia para a popula\u00e7\u00e3o, como, por exemplo, projeto de lei que autoriza o executivo municipal a instituir a meia-entrada em locais p\u00fablicos e privados de cultura, esporte e lazer para doadores de sangue, medula \u00f3ssea e hemoderivados.</p>\r\n<p style=\"text-align: justify; \">Em outubro de 2023, retornou para mais um per\u00edodo no Legislativo goianiense. Em abril de 2024, assumiu o mandato em definitivo. Entre suas iniciativas na C\u00e2mara, destaca-se o projeto de lei relativo \u00e0 implanta\u00e7\u00e3o de redutores de velocidade nas proximidades de escolas e de Centros Municipais de Educa\u00e7\u00e3o Infantil (Cmeis).</p>\r\n<p style=\"text-align: justify; \">Para 2024, destinou mais de R$ 4 milh\u00f5es em emendas parlamentares para melhorar o atendimento \u00e0 popula\u00e7\u00e3o. Entre as institui\u00e7\u00f5es beneficiadas, est\u00e3o o Hospital de C\u00e2ncer Ara\u00fajo Jorge; Hospital de Olhos; Cais do Bairro Goi\u00e1; CSF do Goi\u00e2nia Viva; Centro de Refer\u00eancia em Aten\u00e7\u00e3o \u00e0 Sa\u00fade da Pessoa Idosa (Craspi) do Cidade Jardim; e Santa Casa de Miseric\u00f3rdia de Goi\u00e2nia. Foi eleito para o mandato 2025-2028 com 5.037 votos.</p>\r\n<p>\u00a0</p>\r\n<p style=\"text-align: center; \"><span class=\"discreet\">Facebook:</span> <strong><a class=\"external-link\" href=\"http://www.facebook.com/markimgoya.goiania\" target=\"_self\" title=\"\">facebook.com/markimgoya.goiania</a></strong> | <span class=\"discreet\">Instagram:</span>\u00a0<strong><a class=\"external-link\" href=\"http://www.instagram.com/markimgoya/\" target=\"_self\" title=\"\">@markimgoya</a></strong></p>\r\n<p>\u00a0</p>\r\n<p style=\"text-align: center; \"><iframe src=\"https://www.youtube.com/embed/E265MB02rHc?si=Q0NWPNUAZOPnkmkv\" title=\"YouTube video player\" width=\"560\" height=\"315\" allowfullscreen=\"\" frameborder=\"0\" style=\"\"></iframe></p>\r\n<p>\u00a0</p>\r\n<p style=\"text-align: right; \"><span class=\"discreet\"><strong>Fontes:</strong>\u00a0<a title=\"\" href=\"https://www.goiania.go.leg.br/sala-de-imprensa/Assessorias-parlamentares-de-imprensa\" class=\"internal-link\" target=\"_self\">Assessoria do vereador</a> e Diretoria de Comunica\u00e7\u00e3o. Atualizada em 14/02/2025.</span></p>\r\n<p>\u00a0</p>\r\n<hr />\r\n<p style=\"text-align: center; \"><a title=\"\" href=\"https://www.goiania.go.leg.br/institucional/parlamentares\" class=\"internal-link\" target=\"_self\">Parlamentares</a> | <a title=\"\" href=\"https://www.goiania.go.leg.br/institucional/mesa-diretora\" class=\"internal-link\" target=\"_self\">Mesa Diretora</a> |\u00a0<a title=\"\" href=\"https://www.goiania.go.leg.br/institucional/comissoes-permanentes/comissoes-regimentais-e-conselho-de-etica\" class=\"internal-link\" target=\"_self\">Comiss\u00f5es permanentes</a>\u00a0| <a title=\"\" href=\"https://www.goiania.go.leg.br/processo-legislativo/comissoes-especiais-de-inquerito\" class=\"internal-link\" target=\"_self\">Comiss\u00f5es tempor\u00e1rias</a></p>", "author_name": "", "version": "1.0", "author_url": "https://www.goiania.go.leg.br/author/carlos-el", "provider_name": "C\u00e2mara Municipal de Goi\u00e2nia", "type": "rich"}