{"provider_url": "https://www.goiania.go.leg.br", "title": "Lucas Verg\u00edlio", "html": "<p><img src=\"https://www.goiania.go.leg.br/institucional/parlamentares/Fotos-de-parlamentares/lucas-vergilio_20-legislatura.jpg/@@images/0bf36ee3-0c8c-4a8e-9056-54fe675778dd.jpeg\" alt=\"Lucas Verg\u00edlio\" class=\"img-fluid img-thumbnail image-left\" title=\"Lucas Verg\u00edlio\" /></p>\r\n<p class=\" \"><span><br />\u00a0<span class=\"discreet\">Nome: </span></span><strong>Lucas de Castro Santos<br /></strong><span>\u00a0<span class=\"discreet\">Partido atual:</span>\u00a0<strong>Movimento Democr\u00e1tico Brasileiro (MDB)</strong></span><abbr title=\"Partido da Social Democracia Brasileira\"><strong><br /></strong></abbr><span>\u00a0</span><span class=\"discreet\">Nascimento:</span> <strong>08/04/1987<br /></strong><span>\u00a0<span class=\"discreet\">Telefones:</span>\u00a062 <strong>3524-4361</strong> e <strong>3524-4369</strong></span><strong><strong><br /></strong></strong>\u00a0<span class=\"discreet\">E-mail:</span>\u00a0<strong><a class=\"email-link\" href=\"mailto:vereadorlucasvergilio@gmail.com\" target=\"_self\" title=\"\">vereadorlucasvergilio@gmail.com</a><br /></strong><span>\u00a0<span class=\"discreet\">Gabinete:</span> <strong>23</strong></span></p>\r\n<p>\u00a0</p>\r\n<p>\u00a0<span>\u00a0</span></p>\r\n<p style=\"text-align: justify; \">Deputado Federal (2015-2023)</p>\r\n<p style=\"text-align: justify; \">Atuou como Secret\u00e1rio de Estado de Rela\u00e7\u00f5es Institucionais 2023-2024</p>\r\n<p style=\"text-align: justify; \">Forma\u00e7\u00e3o acad\u00eamica: Administrador de Empresas 2009. Corretor de Seguros 2007.</p>\r\n<p style=\"text-align: justify; \">Em 2024, foi eleito vereador, pelo MDB, com 6.308 votos.</p>\r\n<p>\u00a0</p>\r\n<p style=\"text-align: center; \"><span class=\"discreet\">Facebook:</span>\u00a0<strong><a class=\"external-link\" href=\"https://www.facebook.com/lucasvergiliogo/\" target=\"_self\" title=\"\">Lucas Verg\u00edlio</a></strong> | <span class=\"discreet\">Instagram:</span>\u00a0<strong><a class=\"external-link\" href=\"https://www.instagram.com/lucasvergiliogo/\" target=\"_self\" title=\"\">lucasvergiliogo</a></strong>\u00a0| <span class=\"discreet\">X:</span>\u00a0<strong><a class=\"external-link\" href=\"https://twitter.com/LucasVergilioGO/\" target=\"_self\" title=\"\">lucasvergiliogo</a></strong></p>\r\n<p>\u00a0</p>\r\n<p style=\"text-align: right; \"><span class=\"discreet\"><strong>Fontes:</strong> <a title=\"\" href=\"https://www.goiania.go.leg.br/sala-de-imprensa/Assessorias-parlamentares-de-imprensa\" class=\"internal-link\" target=\"_self\">Assessoria do vereador</a>\u00a0e Diretoria de Comunica\u00e7\u00e3o. Atualizada em 26/12/2024.</span></p>\r\n<p>\u00a0</p>\r\n<hr />\r\n<p style=\"text-align: center; \"><a title=\"\" href=\"https://www.goiania.go.leg.br/institucional/parlamentares\" class=\"internal-link\" target=\"_self\">Parlamentares</a> | <a title=\"\" href=\"https://www.goiania.go.leg.br/institucional/mesa-diretora\" class=\"internal-link\" target=\"_self\">Mesa Diretora</a> |\u00a0<a title=\"\" href=\"https://www.goiania.go.leg.br/institucional/comissoes-permanentes/comissoes-regimentais-e-conselho-de-etica\" class=\"internal-link\" target=\"_self\">Comiss\u00f5es permanentes</a>\u00a0| <a title=\"\" href=\"https://www.goiania.go.leg.br/processo-legislativo/comissoes-especiais-de-inquerito\" class=\"internal-link\" target=\"_self\">Comiss\u00f5es tempor\u00e1rias</a></p>", "author_name": "", "version": "1.0", "author_url": "https://www.goiania.go.leg.br/author/carlos-el", "provider_name": "C\u00e2mara Municipal de Goi\u00e2nia", "type": "rich"}