{"provider_url": "https://www.goiania.go.leg.br", "title": "Luan Alves", "html": "<p><img src=\"https://www.goiania.go.leg.br/institucional/parlamentares/Fotos-de-parlamentares/luan-alves_20-legislatura.jpeg/@@images/67e64e0b-cd77-48b9-b2cd-f4c05a1408ba.jpeg\" alt=\"Luan Alves\" class=\"img-fluid img-thumbnail image-left\" title=\"Luan Alves\" /></p>\r\n<p class=\" \"><span><br />\u00a0<span class=\"discreet\">Nome: </span></span><strong>Luan Deodato Machado Alves<br /></strong><span>\u00a0<span class=\"discreet\">Partido atual:</span>\u00a0<strong>Movimento Democr\u00e1tico Brasileiro (MDB)</strong></span><abbr title=\"Partido da Social Democracia Brasileira\"><strong><br /></strong></abbr><span>\u00a0<span class=\"discreet\">Nascimento: </span></span><strong>25/07/1988<br /></strong><span>\u00a0<span class=\"discreet\">Telefones:</span>\u00a0<strong>(62) 9 9507-4429\u00a0\u00a0/\u00a062 3524-7727</strong></span></p>\r\n<p class=\" \">\u00a0<span class=\"discreet\">E-mail:</span>\u00a0<strong><a class=\"email-link\" href=\"mailto:gabineteluanalves@gmail.com\" target=\"_self\" title=\"\">gabineteluanalves@gmail.com</a><br /></strong><span>\u00a0<span class=\"discreet\">Gabinete:</span> <strong>26</strong></span></p>\r\n<p>\u00a0</p>\r\n<p>\u00a0<span>\u00a0</span></p>\r\n<p style=\"text-align: justify; \">Luan Alves \u00e9 goianiense, casado com a Thaynara Alves e \u00e9 pai do Jos\u00e9 e do Ant\u00f4nio. Foi eleito vereador, pela primeira vez, para o pleito de 2025 a 2029 com 6.953 votos. Luan cresceu no setor Novo Horizonte. De l\u00e1 mudou-se com seu pai Cl\u00e9cio Alves e sua m\u00e3e Rositaylor Alves para o Setor Parque Industrial Jo\u00e3o Braz, onde sua hist\u00f3ria pol\u00edtica come\u00e7ou.</p>\r\n<p style=\"text-align: justify; \">Luan Alves \u00e9 formado em Administra\u00e7\u00e3o e Direito. Possui p\u00f3s-gradua\u00e7\u00e3o em Gest\u00e3o P\u00fablica e Gest\u00e3o de Pessoas e atualmente \u00e9 mestrando em Administra\u00e7\u00e3o e Planejamento Urbano. Durante sua trajet\u00f3ria pol\u00edtica, foi testado nas urnas pela primeira vez em 2010 como Conselheiro Tutelar da Regional de Campinas e ficou entre os mais votados de Goi\u00e2nia, sendo tamb\u00e9m o mais jovem eleito do Brasil. Em 2017, foi superintendente de Juventude na gest\u00e3o do ent\u00e3o prefeito Iris Rezende, e de 2020 a 2022, foi superintendente da Ordem P\u00fablica da Secretaria de Planejamento Urbano e Habita\u00e7\u00e3o de Goi\u00e2nia.</p>\r\n<p style=\"text-align: justify; \">O vereador tamb\u00e9m ocupou cargos importantes e de primeiro escal\u00e3o na Prefeitura de Goi\u00e2nia na gest\u00e3o do prefeito Rog\u00e9rio Cruz, sendo secret\u00e1rio Executivo de Infraestrutura Urbana na Seinfra, em 2021, e assumindo logo em seguida a fun\u00e7\u00e3o de presidente da Ag\u00eancia Municipal do Meio Ambiente (Amma), a qual presidiu de 2021 a 2024.</p>\r\n<p style=\"text-align: justify; \">Luan Alves possui como proposta para Goi\u00e2nia um mandato participativo, que considera a vontade popular nas decis\u00f5es e no voto como vereador. Ele tamb\u00e9m defende um mandato que pensa na cidade como um todo, contemplando todos os 641 bairros e as sete regi\u00f5es de Goi\u00e2nia, com um olhar moderno e aten\u00e7\u00e3o especial \u00e0s necessidades dos cidad\u00e3os.</p>\r\n<p><span><span>\u00a0</span></span></p>\r\n<div class=\"embed-responsive embed-responsive-21by9\" style=\"text-align: center; \"><span class=\"discreet\">Facebook:</span>\u00a0<strong><a class=\"external-link\" href=\"http://www.facebook.com/luandalves2\" target=\"_self\" title=\"\">facebook.com/luandalves2</a></strong> | <span class=\"discreet\">Instagram:</span>\u00a0<strong><a class=\"external-link\" href=\"https://www.instagram.com/luandalves/\" target=\"_self\" title=\"\">@luandalves</a></strong> | <span class=\"discreet\">Threads:</span> <strong><a class=\"external-link\" href=\"https://www.threads.net/@luandalves\" target=\"_self\" title=\"\">@luandalves</a></strong> | <span class=\"discreet\">Tik Tok:</span>\u00a0<strong><a class=\"external-link\" href=\"https://www.tiktok.com/@luanalvesgo\" target=\"_self\" title=\"\">@luanalvesgo</a></strong> | <span class=\"discreet\">X:</span>\u00a0<strong><a class=\"external-link\" href=\"https://twitter.com/luanalvesgo\" target=\"_self\" title=\"\">@luanalvesgo</a></strong> | <span class=\"discreet\">YouTube:</span>\u00a0<strong><a class=\"external-link\" href=\"http://www.youtube.com/@luanalvesgo\" target=\"_self\" title=\"\">youtube.com/@luanalvesgo</a></strong></div>\r\n<p>\u00a0</p>\r\n<p style=\"text-align: center; \"><iframe src=\"https://www.youtube.com/embed/ZAWvtIQBuGM?si=aAGgEtSTOuI_8HWa\" title=\"YouTube video player\" width=\"560\" height=\"315\" allowfullscreen=\"\" frameborder=\"0\" style=\"\"></iframe></p>\r\n<p>\u00a0</p>\r\n<p style=\"text-align: right; \"><span class=\"discreet\"><strong>Fontes:</strong> <a title=\"\" href=\"https://www.goiania.go.leg.br/sala-de-imprensa/Assessorias-parlamentares-de-imprensa\" class=\"internal-link\" target=\"_self\">Assessoria do vereador</a>\u00a0e Diretoria de Comunica\u00e7\u00e3o. Atualizada em 06/02/2025.</span></p>\r\n<p>\u00a0</p>\r\n<hr />\r\n<p style=\"text-align: center; \"><a title=\"\" href=\"https://www.goiania.go.leg.br/institucional/parlamentares\" class=\"internal-link\" target=\"_self\">Parlamentares</a> | <a title=\"\" href=\"https://www.goiania.go.leg.br/institucional/mesa-diretora\" class=\"internal-link\" target=\"_self\">Mesa Diretora</a> |\u00a0<a title=\"\" href=\"https://www.goiania.go.leg.br/institucional/comissoes-permanentes/comissoes-regimentais-e-conselho-de-etica\" class=\"internal-link\" target=\"_self\">Comiss\u00f5es permanentes</a>\u00a0| <a title=\"\" href=\"https://www.goiania.go.leg.br/processo-legislativo/comissoes-especiais-de-inquerito\" class=\"internal-link\" target=\"_self\">Comiss\u00f5es tempor\u00e1rias</a></p>", "author_name": "", "version": "1.0", "author_url": "https://www.goiania.go.leg.br/author/carlos-el", "provider_name": "C\u00e2mara Municipal de Goi\u00e2nia", "type": "rich"}