{"provider_url": "https://www.goiania.go.leg.br", "title": "Coronel Urz\u00eada", "html": "<p><img src=\"https://www.goiania.go.leg.br/institucional/parlamentares/Fotos-de-parlamentares/coronel-urzeda_20-legislatura.jpg/@@images/d1023e3b-f324-46df-8662-5c886e3404b1.jpeg\" alt=\"Coronel Urz\u00eada\" class=\"img-fluid img-thumbnail image-left\" title=\"Coronel Urz\u00eada\" /></p>\r\n<p class=\" \"><br />\u00a0<span class=\"discreet\">Nome:</span>\u00a0<strong>Wellington de Urz\u00eada Mota</strong><strong><br /></strong>\u00a0<span class=\"discreet\">Partido atual:</span>\u00a0<strong>Partido Liberal (PL)</strong><abbr title=\"Partido da Social Democracia Brasileira\"><strong><br /></strong></abbr>\u00a0<span class=\"discreet\">Nascimento:</span> <strong>01/11/1966<br /></strong>\u00a0<span class=\"discreet\">Telefones:</span>\u00a062 <strong>3524-4342<strong><br /></strong></strong>\u00a0<span class=\"discreet\">E-mail:</span>\u00a0<strong><a class=\"email-link\" href=\"mailto:gabinetecoronelurzeda@gmail.com\" target=\"_self\" title=\"\">gabinetecoronelurzeda@gmail.com</a><br /></strong>\u00a0<span class=\"discreet\">Gabinete:</span> <strong>22</strong></p>\r\n<p>\u00a0</p>\r\n<p>\u00a0<span>\u00a0</span></p>\r\n<p style=\"text-align: justify; \">Filho do Afonso (<em>in memoriam</em>) e da Dona Ur\u00e2nia. Nascido em Trindade, foi criado no Setor Novo Horizonte, Goi\u00e2nia, onde morou desde a inf\u00e2ncia at\u00e9 ap\u00f3s o casamento, local onde criou as duas primeiras filhas e onde a m\u00e3e mora desde 1973. Serviu a P\u00e1tria como Soldado Fuzileiro Naval, no Rio de Janeiro, em 1984/85. Ingressou por concurso na Pol\u00edcia Militar de Goi\u00e1s em 1986, como aluno Soldado PM, chegando, por meio de concursos, cursos e promo\u00e7\u00f5es, at\u00e9 a Patente de Coronel PM, estando hoje na Reserva Remunerada (Veterano). Durante a carreira, comandou a <abbr title=\"Rondas Ostensivas T\u00e1ticas Metropolitana\">ROTAM</abbr>, o Batalh\u00e3o de Opera\u00e7\u00f5es Especiais (BOPE), \u03bf 22\u00ba <abbr title=\"Batalh\u00e3o de Pol\u00edcia Militar\">BPM</abbr> (Trindade e Regi\u00e3o), o 3\u00ba <abbr title=\"Comandos Regionais de Pol\u00edcia Militar\">CRPM</abbr> (An\u00e1polis e Regi\u00e3o), e o Comando de Miss\u00f5es Especiais.</p>\r\n<p style=\"text-align: justify; \"><span>Professor Universit\u00e1rio (Licenciado). Formado em Direito pelo Centro Universit\u00e1rio de Goi\u00e1s (UNIGOI\u00c1S). P\u00f3s-Graduado em Direito Administrativo e Constitucional pela PUC/GO. P\u00f3s-Graduado em Gest\u00e3o P\u00fablica pela </span><abbr title=\"Universidade Federal de Goi\u00e1s\">UFG</abbr><span>. Exerceu a fun\u00e7\u00e3o de Diretor-Geral de Administra\u00e7\u00e3o Penitenci\u00e1ria do Estado de Goi\u00e1s (DGAP) - Janeiro de 2019 at\u00e9 mar\u00e7o de 2020.</span></p>\r\n<p style=\"text-align: justify; \"><span></span><span>Foi candidato a Deputado Estadual em 2022. Vereador eleito em 2024 com 5.602 votos. Advogado e Pastor. Crist\u00e3o, Patriota e Conservador. Casado com Joice, com quem tem quatro filhos (Lohanny, Ully, Wellington Filho e Byancca). Deus \u2013 Fam\u00edlia \u2013 Goi\u00e2nia \u2013 Liberdade.</span></p>\r\n<p style=\"text-align: justify; \"><span></span><span>A miss\u00e3o do vereador \u00e9 ser a voz dos cidad\u00e3os de bem no parlamento goianiense, defendendo suas fam\u00edlias. Seus compromissos: </span><em>\u201cN\u00e3o votarei pela cria\u00e7\u00e3o ou aumento de impostos e taxas. N\u00e3o praticarei a velha pol\u00edtica, como o \"toma l\u00e1-da-c\u00e1\", negociatas, conchavos, estelionato eleitoral ou corrup\u00e7\u00e3o\u201d</em><span>. Pretende propor a revis\u00e3o do aumento abusivo do </span><abbr title=\"Imposto Predial Territorial Urbano\">IPTU</abbr><span> em Goi\u00e2nia e trabalhar para agilizar as respostas e solu\u00e7\u00f5es aos cidad\u00e3os que entrarem com processos na Prefeitura. Tamb\u00e9m deseja desburocratizar a emiss\u00e3o de alvar\u00e1s e licen\u00e7as para ind\u00fastrias e com\u00e9rcios.</span></p>\r\n<p style=\"text-align: justify; \"><span></span><span>Na \u00e1rea de seguran\u00e7a, o vereador valoriza todos os profissionais de seguran\u00e7a p\u00fablica que residem em Goi\u00e2nia, de todas as for\u00e7as. Investe na moderniza\u00e7\u00e3o da Guarda Civil Metropolitana (GCM). Trabalha para o aumento de c\u00e2meras de monitoramento em todos os bairros, para aux\u00edlio na seguran\u00e7a, tr\u00e2nsito, e identifica\u00e7\u00e3o de criminosos, foragidos ou de ve\u00edculos roubados. Tudo isto para que tenhamos a Capital mais segura do Brasil. Prop\u00f5e a realiza\u00e7\u00e3o de concurso p\u00fablico para a GCM. Prop\u00f5e o aumento da remunera\u00e7\u00e3o da hora extra do GCM, sem a incid\u00eancia de imposto de renda. Prop\u00f5e a cria\u00e7\u00e3o de bases da Guarda Civil Pacificadora, levando mais seguran\u00e7a para todas as regi\u00f5es, iniciando pelos bairros com maior \u00edndice criminal na cidade. Investir recursos na preven\u00e7\u00e3o e combate \u00e0 viol\u00eancia contra crian\u00e7as, mulheres e idosos.</span></p>\r\n<p style=\"text-align: justify; \"><span></span><span>Na \u00e1rea da educa\u00e7\u00e3o, prop\u00f5e a cria\u00e7\u00e3o de Escolas Municipais Militarizadas (c\u00edvico-militar), baseadas no modelo do Col\u00e9gio Militar da </span><abbr title=\"Pol\u00edcia Militar do Estado de Goi\u00e1s\">PMGO</abbr><span>, com foco em \u00e1reas de maior criminalidade. O objetivo \u00e9 oferecer educa\u00e7\u00e3o de qualidade, com \u00eanfase em moral e civismo, para crian\u00e7as e adolescentes do ensino fundamental. Apoia a educa\u00e7\u00e3o de qualidade em toda a rede municipal, valorizando professores e funcion\u00e1rios das escolas e </span><abbr title=\"centros municipais de educa\u00e7\u00e3o infantil\">CMEIs</abbr><span>.</span></p>\r\n<p style=\"text-align: justify; \"><span></span><span>Na sa\u00fade, trabalha para que cada uma das 7 regi\u00f5es de Goi\u00e2nia tenha, no m\u00ednimo, um posto de sa\u00fade com atendimento 24 horas, incluindo cl\u00ednico geral, pediatra e ginecologista. Quer investir mais no Programa de Sa\u00fade da Fam\u00edlia para prevenir doen\u00e7as e reduzir as filas e o tempo de espera no atendimento. Prop\u00f5e auxiliar na constru\u00e7\u00e3o de um Hospital P\u00fablico Municipal com todas as especialidades m\u00e9dicas, equipamentos necess\u00e1rios e laborat\u00f3rio 24 horas para exames.</span></p>\r\n<p style=\"text-align: justify; \"><span></span><span>Prop\u00f5e, ainda, a moderniza\u00e7\u00e3o do tr\u00e2nsito e a melhoria da mobilidade, garantindo mais seguran\u00e7a para condutores e pedestres. Trabalha para implementar a \"direita livre\" (virar \u00e0 direita sem interrup\u00e7\u00f5es) em todas as avenidas de Goi\u00e2nia. Deseja instalar sem\u00e1foros inteligentes que criem uma onda verde nas vias. Cobra das empresas de \u00f4nibus o cumprimento dos hor\u00e1rios, o aumento da frota e a melhoria das condi\u00e7\u00f5es do transporte que atende a popula\u00e7\u00e3o.</span></p>\r\n<p style=\"text-align: justify; \"><span></span><span>Na \u00e1rea de inicia\u00e7\u00e3o esportiva, prop\u00f5e a cria\u00e7\u00e3o de escolinhas de inicia\u00e7\u00e3o esportiva em diversos bairros, visando o envolvimento de crian\u00e7as e adolescentes em atividades saud\u00e1veis e afastando-os das drogas.</span></p>\r\n<p style=\"text-align: justify; \"><span></span><em>\u201cSou contra: Destrui\u00e7\u00e3o dos valores da fam\u00edlia. Legaliza\u00e7\u00e3o das Drogas. Desarmamento. Ideologia de G\u00eanero. Doutrina\u00e7\u00e3o nas escolas. Legaliza\u00e7\u00e3o do aborto. Ofensas religiosas. Aumento e cria\u00e7\u00e3o de impostos. Censura. Criminalidade. Corrup\u00e7\u00e3o. Invas\u00e3o de propriedades. Impunidade. Regulamenta\u00e7\u00e3o da m\u00eddia\u201d.</em></p>\r\n<p style=\"text-align: justify; \">\u00a0</p>\r\n<p style=\"text-align: center; \"><span class=\"discreet\">Facebook:</span>\u00a0<strong><a class=\"external-link\" href=\"http://www.facebook.com/CoronelUrzeda\" target=\"_self\" title=\"\">facebook.com/CoronelUrzeda</a></strong> | <span class=\"discreet\">Instagram:</span>\u00a0<strong><a class=\"external-link\" href=\"https://www.instagram.com/coronelurzeda/\" target=\"_self\" title=\"\">@coronelurzeda</a></strong> | <span class=\"discreet\">X:</span>\u00a0<strong><a class=\"external-link\" href=\"https://twitter.com/coronelurzeda\" target=\"_self\" title=\"\">@coronelurzeda</a></strong></p>\r\n<p>\u00a0</p>\r\n<p style=\"text-align: center; \"><iframe src=\"https://www.youtube.com/embed/3OCBuKg_GdY?si=pkV2mg3y5_8j0kxi\" title=\"YouTube video player\" width=\"560\" height=\"315\" allowfullscreen=\"\" frameborder=\"0\" style=\"\"></iframe></p>\r\n<p>\u00a0</p>\r\n<p style=\"text-align: right; \"><span class=\"discreet\"><strong>Fontes:</strong> <a title=\"\" href=\"https://www.goiania.go.leg.br/sala-de-imprensa/Assessorias-parlamentares-de-imprensa\" class=\"internal-link\" target=\"_self\">Assessoria do vereador</a>\u00a0e Diretoria de Comunica\u00e7\u00e3o. Atualizada em 06/02/2025.</span></p>\r\n<p>\u00a0</p>\r\n<hr />\r\n<p style=\"text-align: center; \"><a title=\"\" href=\"https://www.goiania.go.leg.br/institucional/parlamentares\" class=\"internal-link\" target=\"_self\">Parlamentares</a> | <a title=\"\" href=\"https://www.goiania.go.leg.br/institucional/mesa-diretora\" class=\"internal-link\" target=\"_self\">Mesa Diretora</a> |\u00a0<a title=\"\" href=\"https://www.goiania.go.leg.br/institucional/comissoes-permanentes/comissoes-regimentais-e-conselho-de-etica\" class=\"internal-link\" target=\"_self\">Comiss\u00f5es permanentes</a>\u00a0| <a title=\"\" href=\"https://www.goiania.go.leg.br/processo-legislativo/comissoes-especiais-de-inquerito\" class=\"internal-link\" target=\"_self\">Comiss\u00f5es tempor\u00e1rias</a></p>", "author_name": "", "version": "1.0", "author_url": "https://www.goiania.go.leg.br/author/carlos-el", "provider_name": "C\u00e2mara Municipal de Goi\u00e2nia", "type": "rich"}